{"id":33982,"date":"2024-02-22T22:16:30","date_gmt":"2024-02-22T22:16:30","guid":{"rendered":"https:\/\/www.newyorkinfo.nl\/unkategorisiert\/9-11-memorial-new-york-ist-es-einen-besuch-wert\/"},"modified":"2024-11-16T19:48:55","modified_gmt":"2024-11-16T19:48:55","slug":"9-11-memorial-new-york-ist-es-einen-besuch-wert","status":"publish","type":"post","link":"https:\/\/www.newyorkinfo.nl\/de\/sehenswurdigkeiten-in-new-york\/9-11-memorial-new-york-ist-es-einen-besuch-wert\/","title":{"rendered":"9\/11 Memorial in New York: Lohnt sich ein Besuch?"},"content":{"rendered":"\t\t<div data-elementor-type=\"wp-post\" data-elementor-id=\"33982\" class=\"elementor elementor-33982 elementor-25579\" data-elementor-post-type=\"post\">\n\t\t\t\t<div class=\"elementor-element elementor-element-9b0a587 e-flex e-con-boxed e-con e-parent\" data-id=\"9b0a587\" data-element_type=\"container\" data-e-type=\"container\">\n\t\t\t\t\t<div class=\"e-con-inner\">\n\t\t\t\t<div class=\"elementor-element elementor-element-1478096 elementor-widget elementor-widget-text-editor\" data-id=\"1478096\" data-element_type=\"widget\" data-e-type=\"widget\" data-widget_type=\"text-editor.default\">\n\t\t\t\t<div class=\"elementor-widget-container\">\n\t\t\t\t\t\t\t\t\t<p>Das 9\/11-Denkmal in New York am Ground Zero ist das Denkmal f\u00fcr die Opfer der Terroranschl\u00e4ge auf das World Trade Center im Jahr 2001 und f\u00fcr die Opfer des fr\u00fcheren Bombenanschlags auf das WTC am 26. Februar 1993. Das 9\/11-Denkmal befindet sich genau an der gleichen Stelle wie die Twin Towers. Und die Wasserbecken haben den gleichen Umfang wie die ehemaligen quadratischen Twin Towers. Das 9\/11 Memorial in New York ist sowohl tags\u00fcber als auch abends, wenn es dunkel ist und die Wasserbecken beleuchtet sind, ein beeindruckender Ort. Das 9\/11 Memorial wurde am 11. September 2011 der \u00d6ffentlichkeit zug\u00e4nglich gemacht und jeder kann es kostenlos besichtigen.    <\/p>\n\t\t\t\t\t\t\t\t<\/div>\n\t\t\t\t<\/div>\n\t\t\t\t\t<\/div>\n\t\t\t\t<\/div>\n\t\t<div class=\"elementor-element elementor-element-48c8c42 e-flex e-con-boxed e-con e-parent\" data-id=\"48c8c42\" data-element_type=\"container\" data-e-type=\"container\">\n\t\t\t\t\t<div class=\"e-con-inner\">\n\t\t\t\t<div class=\"elementor-element elementor-element-1cbb7e2 elementor-widget elementor-widget-heading\" data-id=\"1cbb7e2\" data-element_type=\"widget\" data-e-type=\"widget\" data-widget_type=\"heading.default\">\n\t\t\t\t<div class=\"elementor-widget-container\">\n\t\t\t\t\t<h2 class=\"elementor-heading-title elementor-size-default\">Das 9\/11-Denkmal in New York<\/h2>\t\t\t\t<\/div>\n\t\t\t\t<\/div>\n\t\t\t\t\t<\/div>\n\t\t\t\t<\/div>\n\t\t<div class=\"elementor-element elementor-element-69140bf e-flex e-con-boxed e-con e-parent\" data-id=\"69140bf\" data-element_type=\"container\" data-e-type=\"container\">\n\t\t\t\t\t<div class=\"e-con-inner\">\n\t\t<div class=\"elementor-element elementor-element-627dc94 e-con-full e-flex e-con e-child\" data-id=\"627dc94\" data-element_type=\"container\" data-e-type=\"container\">\n\t\t\t\t<div class=\"elementor-element elementor-element-9955d19 elementor-widget elementor-widget-image\" data-id=\"9955d19\" data-element_type=\"widget\" data-e-type=\"widget\" data-widget_type=\"image.default\">\n\t\t\t\t<div class=\"elementor-widget-container\">\n\t\t\t\t\t\t\t\t\t\t\t\t\t\t\t<img fetchpriority=\"high\" decoding=\"async\" width=\"1018\" height=\"1024\" src=\"https:\/\/i0.wp.com\/www.newyorkinfo.nl\/wp-content\/uploads\/2024\/02\/9-11-Memorial-Monument.jpg?fit=1018%2C1024&amp;ssl=1\" class=\"attachment-large size-large wp-image-33984\" alt=\"\" srcset=\"https:\/\/i0.wp.com\/www.newyorkinfo.nl\/wp-content\/uploads\/2024\/02\/9-11-Memorial-Monument.jpg?w=1062&amp;ssl=1 1062w, https:\/\/i0.wp.com\/www.newyorkinfo.nl\/wp-content\/uploads\/2024\/02\/9-11-Memorial-Monument.jpg?resize=298%2C300&amp;ssl=1 298w, https:\/\/i0.wp.com\/www.newyorkinfo.nl\/wp-content\/uploads\/2024\/02\/9-11-Memorial-Monument.jpg?resize=1018%2C1024&amp;ssl=1 1018w, https:\/\/i0.wp.com\/www.newyorkinfo.nl\/wp-content\/uploads\/2024\/02\/9-11-Memorial-Monument.jpg?resize=150%2C150&amp;ssl=1 150w, https:\/\/i0.wp.com\/www.newyorkinfo.nl\/wp-content\/uploads\/2024\/02\/9-11-Memorial-Monument.jpg?resize=768%2C772&amp;ssl=1 768w, https:\/\/i0.wp.com\/www.newyorkinfo.nl\/wp-content\/uploads\/2024\/02\/9-11-Memorial-Monument.jpg?resize=145%2C145&amp;ssl=1 145w, https:\/\/i0.wp.com\/www.newyorkinfo.nl\/wp-content\/uploads\/2024\/02\/9-11-Memorial-Monument.jpg?resize=50%2C50&amp;ssl=1 50w\" sizes=\"(max-width: 1018px) 100vw, 1018px\" \/>\t\t\t\t\t\t\t\t\t\t\t\t\t\t\t<\/div>\n\t\t\t\t<\/div>\n\t\t\t\t<\/div>\n\t\t<div class=\"elementor-element elementor-element-47187e9 e-con-full e-flex e-con e-child\" data-id=\"47187e9\" data-element_type=\"container\" data-e-type=\"container\">\n\t\t\t\t<div class=\"elementor-element elementor-element-cd43b52 elementor-widget elementor-widget-image\" data-id=\"cd43b52\" data-element_type=\"widget\" data-e-type=\"widget\" data-widget_type=\"image.default\">\n\t\t\t\t<div class=\"elementor-widget-container\">\n\t\t\t\t\t\t\t\t\t\t\t\t\t\t\t<img decoding=\"async\" width=\"1018\" height=\"1024\" src=\"https:\/\/i0.wp.com\/www.newyorkinfo.nl\/wp-content\/uploads\/2024\/02\/911-monument-nyc.jpg?fit=1018%2C1024&amp;ssl=1\" class=\"attachment-large size-large wp-image-33985\" alt=\"\" srcset=\"https:\/\/i0.wp.com\/www.newyorkinfo.nl\/wp-content\/uploads\/2024\/02\/911-monument-nyc.jpg?w=1062&amp;ssl=1 1062w, https:\/\/i0.wp.com\/www.newyorkinfo.nl\/wp-content\/uploads\/2024\/02\/911-monument-nyc.jpg?resize=298%2C300&amp;ssl=1 298w, https:\/\/i0.wp.com\/www.newyorkinfo.nl\/wp-content\/uploads\/2024\/02\/911-monument-nyc.jpg?resize=1018%2C1024&amp;ssl=1 1018w, https:\/\/i0.wp.com\/www.newyorkinfo.nl\/wp-content\/uploads\/2024\/02\/911-monument-nyc.jpg?resize=150%2C150&amp;ssl=1 150w, https:\/\/i0.wp.com\/www.newyorkinfo.nl\/wp-content\/uploads\/2024\/02\/911-monument-nyc.jpg?resize=768%2C772&amp;ssl=1 768w, https:\/\/i0.wp.com\/www.newyorkinfo.nl\/wp-content\/uploads\/2024\/02\/911-monument-nyc.jpg?resize=145%2C145&amp;ssl=1 145w, https:\/\/i0.wp.com\/www.newyorkinfo.nl\/wp-content\/uploads\/2024\/02\/911-monument-nyc.jpg?resize=50%2C50&amp;ssl=1 50w\" sizes=\"(max-width: 1018px) 100vw, 1018px\" \/>\t\t\t\t\t\t\t\t\t\t\t\t\t\t\t<\/div>\n\t\t\t\t<\/div>\n\t\t\t\t<\/div>\n\t\t\t\t\t<\/div>\n\t\t\t\t<\/div>\n\t\t<div class=\"elementor-element elementor-element-d4bc29a e-flex e-con-boxed e-con e-parent\" data-id=\"d4bc29a\" data-element_type=\"container\" data-e-type=\"container\">\n\t\t\t\t\t<div class=\"e-con-inner\">\n\t\t\t\t<div class=\"elementor-element elementor-element-e366b59 elementor-widget elementor-widget-text-editor\" data-id=\"e366b59\" data-element_type=\"widget\" data-e-type=\"widget\" data-widget_type=\"text-editor.default\">\n\t\t\t\t<div class=\"elementor-widget-container\">\n\t\t\t\t\t\t\t\t\t<p>Der 11. September kam schnell und ohne viel Aufhebens. Ich denke, dass Sie zusammen mit diesen 2983 Menschen in unserem Leben ein gro\u00dfartiges Leben haben werden. Alle Namen sind in Bronze und in die beiden Waschbecken eingraviert, die an der gleichen Stelle wie die Zwillingst\u00fcrme und das Herzst\u00fcck des 9\/11 Memorial in New York stehen.  <\/p>\n<p>Sowohl die Twin Towers als auch viele andere Geb\u00e4ude des World Trade Centers st\u00fcrzten aufgrund der Anschl\u00e4ge ein oder wurden sp\u00e4ter aufgrund der enormen Sch\u00e4den abgerissen. Auch die meisten B\u00e4ume im Ground Zero-Gebiet \u00fcberlebten die Angriffe nicht, aber ein Baum, der von Rettern schwer besch\u00e4digt aufgefunden wurde, \u00fcberlebte nach guter und umfassender Pflege. Und dieser Baum, der den Namen \u201e\u00dcberlebensbaum\u201c erhielt, steht heute neben vielen anderen B\u00e4umen am Denkmal f\u00fcr den 11. September. Der Survival Tree ist eine lebendige Erinnerung an die Ereignisse am Ground Zero.    Es steht f\u00fcr Widerstandsf\u00e4higkeit und \u00dcberleben. Der Baum befindet sich neben dem South Tower Pool. <\/p>\t\t\t\t\t\t\t\t<\/div>\n\t\t\t\t<\/div>\n\t\t\t\t<div class=\"elementor-element elementor-element-7052361 elementor-widget elementor-widget-heading\" data-id=\"7052361\" data-element_type=\"widget\" data-e-type=\"widget\" data-widget_type=\"heading.default\">\n\t\t\t\t<div class=\"elementor-widget-container\">\n\t\t\t\t\t<h3 class=\"elementor-heading-title elementor-size-default\">9\/11 Memorial Glade in New York<\/h3>\t\t\t\t<\/div>\n\t\t\t\t<\/div>\n\t\t\t\t\t<\/div>\n\t\t\t\t<\/div>\n\t\t<div class=\"elementor-element elementor-element-ccb52ba e-flex e-con-boxed e-con e-parent\" data-id=\"ccb52ba\" data-element_type=\"container\" data-e-type=\"container\">\n\t\t\t\t\t<div class=\"e-con-inner\">\n\t\t<div class=\"elementor-element elementor-element-e2525a1 e-con-full e-flex e-con e-child\" data-id=\"e2525a1\" data-element_type=\"container\" data-e-type=\"container\">\n\t\t\t\t<div class=\"elementor-element elementor-element-a965166 elementor-widget elementor-widget-image\" data-id=\"a965166\" data-element_type=\"widget\" data-e-type=\"widget\" data-widget_type=\"image.default\">\n\t\t\t\t<div class=\"elementor-widget-container\">\n\t\t\t\t\t\t\t\t\t\t\t\t\t\t\t<img decoding=\"async\" width=\"1018\" height=\"1024\" src=\"https:\/\/i0.wp.com\/www.newyorkinfo.nl\/wp-content\/uploads\/2024\/02\/9-11-Memorial-Glade.jpg?fit=1018%2C1024&amp;ssl=1\" class=\"attachment-large size-large wp-image-33986\" alt=\"\" srcset=\"https:\/\/i0.wp.com\/www.newyorkinfo.nl\/wp-content\/uploads\/2024\/02\/9-11-Memorial-Glade.jpg?w=1062&amp;ssl=1 1062w, https:\/\/i0.wp.com\/www.newyorkinfo.nl\/wp-content\/uploads\/2024\/02\/9-11-Memorial-Glade.jpg?resize=298%2C300&amp;ssl=1 298w, https:\/\/i0.wp.com\/www.newyorkinfo.nl\/wp-content\/uploads\/2024\/02\/9-11-Memorial-Glade.jpg?resize=1018%2C1024&amp;ssl=1 1018w, https:\/\/i0.wp.com\/www.newyorkinfo.nl\/wp-content\/uploads\/2024\/02\/9-11-Memorial-Glade.jpg?resize=150%2C150&amp;ssl=1 150w, https:\/\/i0.wp.com\/www.newyorkinfo.nl\/wp-content\/uploads\/2024\/02\/9-11-Memorial-Glade.jpg?resize=768%2C772&amp;ssl=1 768w, https:\/\/i0.wp.com\/www.newyorkinfo.nl\/wp-content\/uploads\/2024\/02\/9-11-Memorial-Glade.jpg?resize=145%2C145&amp;ssl=1 145w, https:\/\/i0.wp.com\/www.newyorkinfo.nl\/wp-content\/uploads\/2024\/02\/9-11-Memorial-Glade.jpg?resize=50%2C50&amp;ssl=1 50w\" sizes=\"(max-width: 1018px) 100vw, 1018px\" \/>\t\t\t\t\t\t\t\t\t\t\t\t\t\t\t<\/div>\n\t\t\t\t<\/div>\n\t\t\t\t<\/div>\n\t\t<div class=\"elementor-element elementor-element-a26ad51 e-con-full e-flex e-con e-child\" data-id=\"a26ad51\" data-element_type=\"container\" data-e-type=\"container\">\n\t\t\t\t<div class=\"elementor-element elementor-element-5c86fe2 elementor-widget elementor-widget-image\" data-id=\"5c86fe2\" data-element_type=\"widget\" data-e-type=\"widget\" data-widget_type=\"image.default\">\n\t\t\t\t<div class=\"elementor-widget-container\">\n\t\t\t\t\t\t\t\t\t\t\t\t\t\t\t<img loading=\"lazy\" decoding=\"async\" width=\"1018\" height=\"1024\" src=\"https:\/\/i0.wp.com\/www.newyorkinfo.nl\/wp-content\/uploads\/2024\/02\/9-11-Survivor-Tree-New-York.jpg?fit=1018%2C1024&amp;ssl=1\" class=\"attachment-large size-large wp-image-33987\" alt=\"\" srcset=\"https:\/\/i0.wp.com\/www.newyorkinfo.nl\/wp-content\/uploads\/2024\/02\/9-11-Survivor-Tree-New-York.jpg?w=1062&amp;ssl=1 1062w, https:\/\/i0.wp.com\/www.newyorkinfo.nl\/wp-content\/uploads\/2024\/02\/9-11-Survivor-Tree-New-York.jpg?resize=298%2C300&amp;ssl=1 298w, https:\/\/i0.wp.com\/www.newyorkinfo.nl\/wp-content\/uploads\/2024\/02\/9-11-Survivor-Tree-New-York.jpg?resize=1018%2C1024&amp;ssl=1 1018w, https:\/\/i0.wp.com\/www.newyorkinfo.nl\/wp-content\/uploads\/2024\/02\/9-11-Survivor-Tree-New-York.jpg?resize=150%2C150&amp;ssl=1 150w, https:\/\/i0.wp.com\/www.newyorkinfo.nl\/wp-content\/uploads\/2024\/02\/9-11-Survivor-Tree-New-York.jpg?resize=768%2C772&amp;ssl=1 768w, https:\/\/i0.wp.com\/www.newyorkinfo.nl\/wp-content\/uploads\/2024\/02\/9-11-Survivor-Tree-New-York.jpg?resize=145%2C145&amp;ssl=1 145w, https:\/\/i0.wp.com\/www.newyorkinfo.nl\/wp-content\/uploads\/2024\/02\/9-11-Survivor-Tree-New-York.jpg?resize=50%2C50&amp;ssl=1 50w\" sizes=\"(max-width: 1018px) 100vw, 1018px\" \/>\t\t\t\t\t\t\t\t\t\t\t\t\t\t\t<\/div>\n\t\t\t\t<\/div>\n\t\t\t\t<\/div>\n\t\t\t\t\t<\/div>\n\t\t\t\t<\/div>\n\t\t<div class=\"elementor-element elementor-element-515c81a e-flex e-con-boxed e-con e-parent\" data-id=\"515c81a\" data-element_type=\"container\" data-e-type=\"container\">\n\t\t\t\t\t<div class=\"e-con-inner\">\n\t\t\t\t<div class=\"elementor-element elementor-element-72ce9b0 elementor-widget elementor-widget-text-editor\" data-id=\"72ce9b0\" data-element_type=\"widget\" data-e-type=\"widget\" data-widget_type=\"text-editor.default\">\n\t\t\t\t<div class=\"elementor-widget-container\">\n\t\t\t\t\t\t\t\t\t<p>Die 9\/11 Memorial Glade-Monolithen wurden am Samstag, dem 6. April 2019, installiert. Die Memorial Glade soll alle Ersthelfer, \u00dcberlebenden, Arbeiter und Bewohner ehren, die infolge der Angriffe ums Leben kamen.  Das 9\/11 Memorial Glade-Denkmal besteht aus sechs Monolithen und befindet sich neben dem South Tower Pool.<\/p>\n\t\t\t\t\t\t\t\t<\/div>\n\t\t\t\t<\/div>\n\t\t\t\t\t<\/div>\n\t\t\t\t<\/div>\n\t\t<div class=\"elementor-element elementor-element-50a4691 e-flex e-con-boxed e-con e-parent\" data-id=\"50a4691\" data-element_type=\"container\" data-e-type=\"container\">\n\t\t\t\t\t<div class=\"e-con-inner\">\n\t\t\t\t<div class=\"elementor-element elementor-element-e89e482 elementor-widget elementor-widget-heading\" data-id=\"e89e482\" data-element_type=\"widget\" data-e-type=\"widget\" data-widget_type=\"heading.default\">\n\t\t\t\t<div class=\"elementor-widget-container\">\n\t\t\t\t\t<h3 class=\"elementor-heading-title elementor-size-default\">FDNY Memorial Wall in New York<\/h3>\t\t\t\t<\/div>\n\t\t\t\t<\/div>\n\t\t\t\t\t<\/div>\n\t\t\t\t<\/div>\n\t\t<div class=\"elementor-element elementor-element-4ea4611 e-flex e-con-boxed e-con e-parent\" data-id=\"4ea4611\" data-element_type=\"container\" data-e-type=\"container\">\n\t\t\t\t\t<div class=\"e-con-inner\">\n\t\t<div class=\"elementor-element elementor-element-a0f4e34 e-con-full e-flex e-con e-child\" data-id=\"a0f4e34\" data-element_type=\"container\" data-e-type=\"container\">\n\t\t\t\t<div class=\"elementor-element elementor-element-af00b23 elementor-widget elementor-widget-image\" data-id=\"af00b23\" data-element_type=\"widget\" data-e-type=\"widget\" data-widget_type=\"image.default\">\n\t\t\t\t<div class=\"elementor-widget-container\">\n\t\t\t\t\t\t\t\t\t\t\t\t\t\t\t<img loading=\"lazy\" decoding=\"async\" width=\"1018\" height=\"1024\" src=\"https:\/\/i0.wp.com\/www.newyorkinfo.nl\/wp-content\/uploads\/2024\/02\/FDNY-Memorial-Wall.jpg?fit=1018%2C1024&amp;ssl=1\" class=\"attachment-large size-large wp-image-33988\" alt=\"\" srcset=\"https:\/\/i0.wp.com\/www.newyorkinfo.nl\/wp-content\/uploads\/2024\/02\/FDNY-Memorial-Wall.jpg?w=1062&amp;ssl=1 1062w, https:\/\/i0.wp.com\/www.newyorkinfo.nl\/wp-content\/uploads\/2024\/02\/FDNY-Memorial-Wall.jpg?resize=298%2C300&amp;ssl=1 298w, https:\/\/i0.wp.com\/www.newyorkinfo.nl\/wp-content\/uploads\/2024\/02\/FDNY-Memorial-Wall.jpg?resize=1018%2C1024&amp;ssl=1 1018w, https:\/\/i0.wp.com\/www.newyorkinfo.nl\/wp-content\/uploads\/2024\/02\/FDNY-Memorial-Wall.jpg?resize=150%2C150&amp;ssl=1 150w, https:\/\/i0.wp.com\/www.newyorkinfo.nl\/wp-content\/uploads\/2024\/02\/FDNY-Memorial-Wall.jpg?resize=768%2C772&amp;ssl=1 768w, https:\/\/i0.wp.com\/www.newyorkinfo.nl\/wp-content\/uploads\/2024\/02\/FDNY-Memorial-Wall.jpg?resize=145%2C145&amp;ssl=1 145w, https:\/\/i0.wp.com\/www.newyorkinfo.nl\/wp-content\/uploads\/2024\/02\/FDNY-Memorial-Wall.jpg?resize=50%2C50&amp;ssl=1 50w\" sizes=\"(max-width: 1018px) 100vw, 1018px\" \/>\t\t\t\t\t\t\t\t\t\t\t\t\t\t\t<\/div>\n\t\t\t\t<\/div>\n\t\t\t\t<\/div>\n\t\t<div class=\"elementor-element elementor-element-33cadbb e-con-full e-flex e-con e-child\" data-id=\"33cadbb\" data-element_type=\"container\" data-e-type=\"container\">\n\t\t\t\t<div class=\"elementor-element elementor-element-e69768e elementor-widget elementor-widget-image\" data-id=\"e69768e\" data-element_type=\"widget\" data-e-type=\"widget\" data-widget_type=\"image.default\">\n\t\t\t\t<div class=\"elementor-widget-container\">\n\t\t\t\t\t\t\t\t\t\t\t\t\t\t\t<img loading=\"lazy\" decoding=\"async\" width=\"1018\" height=\"1024\" src=\"https:\/\/i0.wp.com\/www.newyorkinfo.nl\/wp-content\/uploads\/2024\/02\/FDNY-Memorial-Wall-NY.jpg?fit=1018%2C1024&amp;ssl=1\" class=\"attachment-large size-large wp-image-33989\" alt=\"FDNY Memorial Wall NY  9\/11 Museum in New York:\" srcset=\"https:\/\/i0.wp.com\/www.newyorkinfo.nl\/wp-content\/uploads\/2024\/02\/FDNY-Memorial-Wall-NY.jpg?w=1062&amp;ssl=1 1062w, https:\/\/i0.wp.com\/www.newyorkinfo.nl\/wp-content\/uploads\/2024\/02\/FDNY-Memorial-Wall-NY.jpg?resize=298%2C300&amp;ssl=1 298w, https:\/\/i0.wp.com\/www.newyorkinfo.nl\/wp-content\/uploads\/2024\/02\/FDNY-Memorial-Wall-NY.jpg?resize=1018%2C1024&amp;ssl=1 1018w, https:\/\/i0.wp.com\/www.newyorkinfo.nl\/wp-content\/uploads\/2024\/02\/FDNY-Memorial-Wall-NY.jpg?resize=150%2C150&amp;ssl=1 150w, https:\/\/i0.wp.com\/www.newyorkinfo.nl\/wp-content\/uploads\/2024\/02\/FDNY-Memorial-Wall-NY.jpg?resize=768%2C772&amp;ssl=1 768w, https:\/\/i0.wp.com\/www.newyorkinfo.nl\/wp-content\/uploads\/2024\/02\/FDNY-Memorial-Wall-NY.jpg?resize=145%2C145&amp;ssl=1 145w, https:\/\/i0.wp.com\/www.newyorkinfo.nl\/wp-content\/uploads\/2024\/02\/FDNY-Memorial-Wall-NY.jpg?resize=50%2C50&amp;ssl=1 50w\" sizes=\"(max-width: 1018px) 100vw, 1018px\" \/>\t\t\t\t\t\t\t\t\t\t\t\t\t\t\t<\/div>\n\t\t\t\t<\/div>\n\t\t\t\t<\/div>\n\t\t\t\t\t<\/div>\n\t\t\t\t<\/div>\n\t\t<div class=\"elementor-element elementor-element-2bca581 e-flex e-con-boxed e-con e-parent\" data-id=\"2bca581\" data-element_type=\"container\" data-e-type=\"container\">\n\t\t\t\t\t<div class=\"e-con-inner\">\n\t\t\t\t<div class=\"elementor-element elementor-element-d4b0209 elementor-widget elementor-widget-text-editor\" data-id=\"d4b0209\" data-element_type=\"widget\" data-e-type=\"widget\" data-widget_type=\"text-editor.default\">\n\t\t\t\t<div class=\"elementor-widget-container\">\n\t\t\t\t\t\t\t\t\t<p>Die FDNY Memorial Wall ist ein Denkmal, das zu Ehren der 343 Feuerwehrleute errichtet wurde, die am 11. September bei dem Versuch, andere zu retten, ihr Leben lie\u00dfen. Die FDNY Memorial Wall ist 18 Meter lang und 1,8 Meter hoch. Das Denkmal ist an der Seite der Feuerwache Ladder 10 in der Liberty Street angeschraubt. <\/p>\n\t\t\t\t\t\t\t\t<\/div>\n\t\t\t\t<\/div>\n\t\t\t\t\t<\/div>\n\t\t\t\t<\/div>\n\t\t<div class=\"elementor-element elementor-element-be7209f e-flex e-con-boxed e-con e-parent\" data-id=\"be7209f\" data-element_type=\"container\" data-e-type=\"container\">\n\t\t\t\t\t<div class=\"e-con-inner\">\n\t\t\t\t<div class=\"elementor-element elementor-element-c9c6097 elementor-widget elementor-widget-heading\" data-id=\"c9c6097\" data-element_type=\"widget\" data-e-type=\"widget\" data-widget_type=\"heading.default\">\n\t\t\t\t<div class=\"elementor-widget-container\">\n\t\t\t\t\t<h3 class=\"elementor-heading-title elementor-size-default\">Das 9\/11 Museum in New York<\/h3>\t\t\t\t<\/div>\n\t\t\t\t<\/div>\n\t\t\t\t\t<\/div>\n\t\t\t\t<\/div>\n\t\t<div class=\"elementor-element elementor-element-1b2cc7c e-flex e-con-boxed e-con e-parent\" data-id=\"1b2cc7c\" data-element_type=\"container\" data-e-type=\"container\">\n\t\t\t\t\t<div class=\"e-con-inner\">\n\t\t<div class=\"elementor-element elementor-element-a802967 e-con-full e-flex e-con e-child\" data-id=\"a802967\" data-element_type=\"container\" data-e-type=\"container\">\n\t\t\t\t<div class=\"elementor-element elementor-element-b66fe79 elementor-widget elementor-widget-image\" data-id=\"b66fe79\" data-element_type=\"widget\" data-e-type=\"widget\" data-widget_type=\"image.default\">\n\t\t\t\t<div class=\"elementor-widget-container\">\n\t\t\t\t\t\t\t\t\t\t\t\t\t\t\t<img loading=\"lazy\" decoding=\"async\" width=\"1018\" height=\"1024\" src=\"https:\/\/i0.wp.com\/www.newyorkinfo.nl\/wp-content\/uploads\/2024\/02\/9-11-memorial-Museum-NY.jpg?fit=1018%2C1024&amp;ssl=1\" class=\"attachment-large size-large wp-image-33990\" alt=\"9\/11 memorial Museum\" srcset=\"https:\/\/i0.wp.com\/www.newyorkinfo.nl\/wp-content\/uploads\/2024\/02\/9-11-memorial-Museum-NY.jpg?w=1062&amp;ssl=1 1062w, https:\/\/i0.wp.com\/www.newyorkinfo.nl\/wp-content\/uploads\/2024\/02\/9-11-memorial-Museum-NY.jpg?resize=298%2C300&amp;ssl=1 298w, https:\/\/i0.wp.com\/www.newyorkinfo.nl\/wp-content\/uploads\/2024\/02\/9-11-memorial-Museum-NY.jpg?resize=1018%2C1024&amp;ssl=1 1018w, https:\/\/i0.wp.com\/www.newyorkinfo.nl\/wp-content\/uploads\/2024\/02\/9-11-memorial-Museum-NY.jpg?resize=150%2C150&amp;ssl=1 150w, https:\/\/i0.wp.com\/www.newyorkinfo.nl\/wp-content\/uploads\/2024\/02\/9-11-memorial-Museum-NY.jpg?resize=768%2C772&amp;ssl=1 768w, https:\/\/i0.wp.com\/www.newyorkinfo.nl\/wp-content\/uploads\/2024\/02\/9-11-memorial-Museum-NY.jpg?resize=145%2C145&amp;ssl=1 145w, https:\/\/i0.wp.com\/www.newyorkinfo.nl\/wp-content\/uploads\/2024\/02\/9-11-memorial-Museum-NY.jpg?resize=50%2C50&amp;ssl=1 50w\" sizes=\"(max-width: 1018px) 100vw, 1018px\" \/>\t\t\t\t\t\t\t\t\t\t\t\t\t\t\t<\/div>\n\t\t\t\t<\/div>\n\t\t\t\t<\/div>\n\t\t<div class=\"elementor-element elementor-element-d417a8c e-con-full e-flex e-con e-child\" data-id=\"d417a8c\" data-element_type=\"container\" data-e-type=\"container\">\n\t\t\t\t<div class=\"elementor-element elementor-element-75087af elementor-widget elementor-widget-image\" data-id=\"75087af\" data-element_type=\"widget\" data-e-type=\"widget\" data-widget_type=\"image.default\">\n\t\t\t\t<div class=\"elementor-widget-container\">\n\t\t\t\t\t\t\t\t\t\t\t\t\t\t\t<img loading=\"lazy\" decoding=\"async\" width=\"1018\" height=\"1024\" src=\"https:\/\/i0.wp.com\/www.newyorkinfo.nl\/wp-content\/uploads\/2024\/02\/9-11-Museum-New-York.jpg?fit=1018%2C1024&amp;ssl=1\" class=\"attachment-large size-large wp-image-33991\" alt=\"\" srcset=\"https:\/\/i0.wp.com\/www.newyorkinfo.nl\/wp-content\/uploads\/2024\/02\/9-11-Museum-New-York.jpg?w=1062&amp;ssl=1 1062w, https:\/\/i0.wp.com\/www.newyorkinfo.nl\/wp-content\/uploads\/2024\/02\/9-11-Museum-New-York.jpg?resize=298%2C300&amp;ssl=1 298w, https:\/\/i0.wp.com\/www.newyorkinfo.nl\/wp-content\/uploads\/2024\/02\/9-11-Museum-New-York.jpg?resize=1018%2C1024&amp;ssl=1 1018w, https:\/\/i0.wp.com\/www.newyorkinfo.nl\/wp-content\/uploads\/2024\/02\/9-11-Museum-New-York.jpg?resize=150%2C150&amp;ssl=1 150w, https:\/\/i0.wp.com\/www.newyorkinfo.nl\/wp-content\/uploads\/2024\/02\/9-11-Museum-New-York.jpg?resize=768%2C772&amp;ssl=1 768w, https:\/\/i0.wp.com\/www.newyorkinfo.nl\/wp-content\/uploads\/2024\/02\/9-11-Museum-New-York.jpg?resize=145%2C145&amp;ssl=1 145w, https:\/\/i0.wp.com\/www.newyorkinfo.nl\/wp-content\/uploads\/2024\/02\/9-11-Museum-New-York.jpg?resize=50%2C50&amp;ssl=1 50w\" sizes=\"(max-width: 1018px) 100vw, 1018px\" \/>\t\t\t\t\t\t\t\t\t\t\t\t\t\t\t<\/div>\n\t\t\t\t<\/div>\n\t\t\t\t<\/div>\n\t\t\t\t\t<\/div>\n\t\t\t\t<\/div>\n\t\t<div class=\"elementor-element elementor-element-cc7a764 e-flex e-con-boxed e-con e-parent\" data-id=\"cc7a764\" data-element_type=\"container\" data-e-type=\"container\">\n\t\t\t\t\t<div class=\"e-con-inner\">\n\t\t\t\t<div class=\"elementor-element elementor-element-2e9a8bf elementor-widget elementor-widget-text-editor\" data-id=\"2e9a8bf\" data-element_type=\"widget\" data-e-type=\"widget\" data-widget_type=\"text-editor.default\">\n\t\t\t\t<div class=\"elementor-widget-container\">\n\t\t\t\t\t\t\t\t\t<p>Der Eingang zum 9\/11 Museum befindet sich in einem Glaspavillon an der Ecke Fulton St. \/ Greenwich St. im Finanzviertel. Ansonsten liegt das gesamte 9\/11-Museum tief unter der Erde. Dadurch k\u00f6nnen Sie Teile der Originals\u00e4ulen der Twin Towers sehen. Im 9\/11-Museum k\u00f6nnen Sie beeindruckende Objekte besichtigen und Geschichten von und \u00fcber Opfer der Anschl\u00e4ge vom 11. September h\u00f6ren. Weitere Informationen zum 9\/11-Museum finden Sie \u00fcber den untenstehenden Link.     <\/p>\n\t\t\t\t\t\t\t\t<\/div>\n\t\t\t\t<\/div>\n\t\t\t\t<div class=\"elementor-element elementor-element-a231c87 elementor-widget elementor-widget-button\" data-id=\"a231c87\" data-element_type=\"widget\" data-e-type=\"widget\" data-widget_type=\"button.default\">\n\t\t\t\t<div class=\"elementor-widget-container\">\n\t\t\t\t\t\t\t\t\t<div class=\"elementor-button-wrapper\">\n\t\t\t\t\t<a class=\"elementor-button elementor-button-link elementor-size-sm\" href=\"https:\/\/www.newyorkinfo.nl\/de\/die-besten-attraktionen-in-new-york\/9-11-museum-in-new-york-ist-es-einen-besuch-wert\/\" target=\"_blank\">\n\t\t\t\t\t\t<span class=\"elementor-button-content-wrapper\">\n\t\t\t\t\t\t\t\t\t<span class=\"elementor-button-text\">Weitere Informationen zum 9\/11 Museum<\/span>\n\t\t\t\t\t<\/span>\n\t\t\t\t\t<\/a>\n\t\t\t\t<\/div>\n\t\t\t\t\t\t\t\t<\/div>\n\t\t\t\t<\/div>\n\t\t\t\t\t<\/div>\n\t\t\t\t<\/div>\n\t\t<div class=\"elementor-element elementor-element-53e787a e-flex e-con-boxed e-con e-parent\" data-id=\"53e787a\" data-element_type=\"container\" data-e-type=\"container\">\n\t\t\t\t\t<div class=\"e-con-inner\">\n\t\t\t\t<div class=\"elementor-element elementor-element-98f473a elementor-widget elementor-widget-heading\" data-id=\"98f473a\" data-element_type=\"widget\" data-e-type=\"widget\" data-widget_type=\"heading.default\">\n\t\t\t\t<div class=\"elementor-widget-container\">\n\t\t\t\t\t<h2 class=\"elementor-heading-title elementor-size-default\">Spezielle Angebote f\u00fcr einen Besuch der 9\/11-Gedenkst\u00e4tte<\/h2>\t\t\t\t<\/div>\n\t\t\t\t<\/div>\n\t\t\t\t<div class=\"elementor-element elementor-element-9736528 elementor-widget elementor-widget-text-editor\" data-id=\"9736528\" data-element_type=\"widget\" data-e-type=\"widget\" data-widget_type=\"text-editor.default\">\n\t\t\t\t<div class=\"elementor-widget-container\">\n\t\t\t\t\t\t\t\t\t<p>Machen Sie eine <a title=\"St\u00e4dtereise New York: Ist New York einen Besuch wert?\" href=\"https:\/\/www.newyorkinfo.nl\/de\/vorbereitung-fuer-die-reise-nach-new-york\/staedtereise-new-york-warum-sollte-man-nach-new-york-reisen\/\"><span style=\"text-decoration: underline;\">St\u00e4dtereise nach New York<\/span><\/a> und m\u00f6chten Sie das 9\/11-Museum und das 9\/11-Denkmal besuchen, dann nutzen Sie die untenstehenden Angebote!<\/p>\n\t\t\t\t\t\t\t\t<\/div>\n\t\t\t\t<\/div>\n\t\t\t\t<div class=\"elementor-element elementor-element-11c370b elementor-widget elementor-widget-shortcode\" data-id=\"11c370b\" data-element_type=\"widget\" data-e-type=\"widget\" data-widget_type=\"shortcode.default\">\n\t\t\t\t<div class=\"elementor-widget-container\">\n\t\t\t\t\t\t\t<div class=\"elementor-shortcode\"><div data-gyg-href=\"https:\/\/widget.getyourguide.com\/default\/activities.frame\" data-gyg-locale-code=\"de-DE\" data-gyg-widget=\"activities\" data-gyg-number-of-items=\"3\" data-gyg-partner-id=\"9MML7BM\" data-gyg-tour-ids=\"109024,25805,58118\"><span>Powered by <a target=\"_blank\" rel=\"sponsored\" href=\"https:\/\/www.getyourguide.com\/911-memorial-pools-l3394\/\">GetYourGuide<\/a><\/span><\/div><\/div>\n\t\t\t\t\t\t<\/div>\n\t\t\t\t<\/div>\n\t\t\t\t\t<\/div>\n\t\t\t\t<\/div>\n\t\t\t\t<\/div>\n\t\t","protected":false},"excerpt":{"rendered":"<p>Das 9\/11-Denkmal in New York am Ground Zero ist das Denkmal f\u00fcr die Opfer der Terroranschl\u00e4ge auf das World Trade Center im Jahr 2001 und f\u00fcr die Opfer des fr\u00fcheren Bombenanschlags auf das WTC am 26. Februar 1993. Das 9\/11-Denkmal befindet sich genau an der gleichen Stelle wie die Twin Towers. Und die Wasserbecken haben [&hellip;]<\/p>\n","protected":false},"author":1,"featured_media":33983,"comment_status":"closed","ping_status":"closed","sticky":false,"template":"","format":"standard","meta":{"footnotes":""},"categories":[107],"tags":[],"class_list":["post-33982","post","type-post","status-publish","format-standard","has-post-thumbnail","hentry","category-sehenswurdigkeiten-in-new-york"],"aioseo_notices":[],"_links":{"self":[{"href":"https:\/\/www.newyorkinfo.nl\/de\/wp-json\/wp\/v2\/posts\/33982","targetHints":{"allow":["GET"]}}],"collection":[{"href":"https:\/\/www.newyorkinfo.nl\/de\/wp-json\/wp\/v2\/posts"}],"about":[{"href":"https:\/\/www.newyorkinfo.nl\/de\/wp-json\/wp\/v2\/types\/post"}],"author":[{"embeddable":true,"href":"https:\/\/www.newyorkinfo.nl\/de\/wp-json\/wp\/v2\/users\/1"}],"replies":[{"embeddable":true,"href":"https:\/\/www.newyorkinfo.nl\/de\/wp-json\/wp\/v2\/comments?post=33982"}],"version-history":[{"count":0,"href":"https:\/\/www.newyorkinfo.nl\/de\/wp-json\/wp\/v2\/posts\/33982\/revisions"}],"wp:featuredmedia":[{"embeddable":true,"href":"https:\/\/www.newyorkinfo.nl\/de\/wp-json\/wp\/v2\/media\/33983"}],"wp:attachment":[{"href":"https:\/\/www.newyorkinfo.nl\/de\/wp-json\/wp\/v2\/media?parent=33982"}],"wp:term":[{"taxonomy":"category","embeddable":true,"href":"https:\/\/www.newyorkinfo.nl\/de\/wp-json\/wp\/v2\/categories?post=33982"},{"taxonomy":"post_tag","embeddable":true,"href":"https:\/\/www.newyorkinfo.nl\/de\/wp-json\/wp\/v2\/tags?post=33982"}],"curies":[{"name":"wp","href":"https:\/\/api.w.org\/{rel}","templated":true}]}}